{"id":45193,"date":"2019-07-10T12:05:24","date_gmt":"2019-07-10T10:05:24","guid":{"rendered":"https:\/\/www.verblasetechnik.de\/?p=45193"},"modified":"2021-06-11T11:47:02","modified_gmt":"2021-06-11T09:47:02","slug":"bio-zulassung-von-fruchtkalk","status":"publish","type":"post","link":"https:\/\/buerger-kalkhandel.de\/it\/bio-zulassung-von-fruchtkalk\/","title":{"rendered":"Bio-Zulassung von Fruchtkalk"},"content":{"rendered":"<p>Liebe Fruchtkalk-Anwender,<\/p>\n<p>nach der Aufnahme unseres Fruchtkalkes in die FiBL-Betriebsmittelliste m\u00f6chten wir Ihnen umfassende Informationen und Gesetzestexte mitteilen.<br \/>\nViele BIO-Betriebe au\u00dferhalb des Obstbaus wollten von uns wissen, warum sie unseren Fruchtkalk trotz der FiBL-Listung immer noch nicht verwenden d\u00fcrfen, obwohl er in der FiBL-Betriebsmittelliste aufgef\u00fchrt ist und somit alle \u00d6KO-BIO-Richtlinien erf\u00fcllt.<\/p>\n<p>lesen Sie alles hier: <a href=\"https:\/\/buerger-kalkhandel.de\/wp-content\/uploads\/2019\/07\/Info_an_Fruchtkalkkunden_wg._BIO-10.07.19.pdf\" target=\"_blank\" rel=\"noopener noreferrer\">PDF<\/a><\/p>\n","protected":false},"excerpt":{"rendered":"<p>Liebe Fruchtkalk-Anwender, nach der Aufnahme unseres Fruchtkalkes in die FiBL-Betriebsmittelliste m\u00f6chten wir Ihnen umfassende Informationen und Gesetzestexte mitteilen. Viele BIO-Betriebe au\u00dferhalb des Obstbaus wollten von uns wissen, warum sie unseren Fruchtkalk trotz der FiBL-Listung immer noch nicht verwenden d\u00fcrfen, obwohl er in der FiBL-Betriebsmittelliste aufgef\u00fchrt [&hellip;]<\/p>\n","protected":false},"author":1,"featured_media":45075,"comment_status":"closed","ping_status":"closed","sticky":false,"template":"","format":"standard","meta":{"_seopress_robots_primary_cat":"none","_seopress_titles_title":"","_seopress_titles_desc":"","_seopress_robots_index":""},"categories":[375],"tags":[],"translation":{"provider":"WPGlobus","version":"2.12.2","language":"it","enabled_languages":["de","gb","fr","it","bg"],"languages":{"de":{"title":true,"content":true,"excerpt":false},"gb":{"title":false,"content":false,"excerpt":false},"fr":{"title":false,"content":false,"excerpt":false},"it":{"title":false,"content":false,"excerpt":false},"bg":{"title":false,"content":false,"excerpt":false}}},"_links":{"self":[{"href":"https:\/\/buerger-kalkhandel.de\/it\/wp-json\/wp\/v2\/posts\/45193"}],"collection":[{"href":"https:\/\/buerger-kalkhandel.de\/it\/wp-json\/wp\/v2\/posts"}],"about":[{"href":"https:\/\/buerger-kalkhandel.de\/it\/wp-json\/wp\/v2\/types\/post"}],"author":[{"embeddable":true,"href":"https:\/\/buerger-kalkhandel.de\/it\/wp-json\/wp\/v2\/users\/1"}],"replies":[{"embeddable":true,"href":"https:\/\/buerger-kalkhandel.de\/it\/wp-json\/wp\/v2\/comments?post=45193"}],"version-history":[{"count":1,"href":"https:\/\/buerger-kalkhandel.de\/it\/wp-json\/wp\/v2\/posts\/45193\/revisions"}],"predecessor-version":[{"id":45797,"href":"https:\/\/buerger-kalkhandel.de\/it\/wp-json\/wp\/v2\/posts\/45193\/revisions\/45797"}],"wp:featuredmedia":[{"embeddable":true,"href":"https:\/\/buerger-kalkhandel.de\/it\/wp-json\/wp\/v2\/media\/45075"}],"wp:attachment":[{"href":"https:\/\/buerger-kalkhandel.de\/it\/wp-json\/wp\/v2\/media?parent=45193"}],"wp:term":[{"taxonomy":"category","embeddable":true,"href":"https:\/\/buerger-kalkhandel.de\/it\/wp-json\/wp\/v2\/categories?post=45193"},{"taxonomy":"post_tag","embeddable":true,"href":"https:\/\/buerger-kalkhandel.de\/it\/wp-json\/wp\/v2\/tags?post=45193"}],"curies":[{"name":"wp","href":"https:\/\/api.w.org\/{rel}","templated":true}]}}